{"id":148,"date":"2021-07-26T16:05:10","date_gmt":"2021-07-26T14:05:10","guid":{"rendered":"https:\/\/www.zukunftsbranche-bahn.de\/?p=148"},"modified":"2021-09-23T11:37:17","modified_gmt":"2021-09-23T09:37:17","slug":"philipp-gentsch","status":"publish","type":"post","link":"https:\/\/www.zukunftsbranche-bahn.de\/en\/interviews\/philipp-gentsch\/","title":{"rendered":"Philipp Gentsch &#8211; Dual-Studierender bei der SPITZKE SE"},"content":{"rendered":"\n<h2 class=\"wp-block-heading\">Auf direktem Weg in die Zukunft<\/h2>\n\n\n\n<p>Das letzte Semester BWL mit Fachrichtung Industrie ist absolviert, die Bachelor-Arbeit abgegeben \u2013 doch kein Grund f\u00fcr Philipp Gentsch die Beine hochzulegen. Der 22-J\u00e4hrige ist Dual-Studierender bei der SPITZKE SE, einem der leistungsst\u00e4rksten Bahninfrastrukturunternehmen in Deutschland und Europa. Er hatte sich direkt nach seinem Abitur am Zentralsitz in Gro\u00dfbeeren bei Berlin beworben. Bereits vom ersten Gespr\u00e4ch an wusste er, dass seine berufliche Zukunft dort gut aufgehoben ist.\u00a0<\/p>\n\n\n\n<div class=\"wp-block-image\"><figure class=\"alignleft size-full\"><img loading=\"lazy\" decoding=\"async\" width=\"300\" height=\"343\" src=\"https:\/\/www.zukunftsbranche-bahn.de\/wp-content\/uploads\/csm_Spitzke_PhilippGentsch_Lok__2015_6381016cb2.jpg\" alt=\"\" class=\"wp-image-1433\" srcset=\"https:\/\/www.zukunftsbranche-bahn.de\/wp-content\/uploads\/csm_Spitzke_PhilippGentsch_Lok__2015_6381016cb2.jpg 300w, https:\/\/www.zukunftsbranche-bahn.de\/wp-content\/uploads\/csm_Spitzke_PhilippGentsch_Lok__2015_6381016cb2-262x300.jpg 262w\" sizes=\"auto, (max-width: 300px) 100vw, 300px\" \/><\/figure><\/div>\n\n\n\n<p><strong>Was war denn das Besondere an Ihren ersten Gespr\u00e4chen mit den Verantwortlichen bei SPITZKE?<\/strong><br>Allein das Bewerbungsgespr\u00e4ch war viel angenehmer als gedacht. Es herrschte eine lockere Gespr\u00e4chsatmosph\u00e4re und ich f\u00fchlte mich von Anfang an wohl. Ich merkte sofort, dass sich das Unternehmen sehr um mich bem\u00fcht, und dieses Interesse hat sich jetzt zum Ende meines Studiums klar best\u00e4tigt.<\/p>\n\n\n\n<p><strong>Inwiefern?<\/strong><br>Die gemeinsame Entwicklung meiner beruflichen Zukunft stand w\u00e4hrend der vergangenen drei Jahre des dualen Studiums immer im Mittelpunkt. Ich wurde, egal welche Bereiche und Abteilungen ich durchlaufen habe, nie nur als \u201eder Student\u201c, sondern als vollwertiger Arbeitskollege wahrgenommen, mit eigenen Aufgaben und Projekten. Rechtzeitig war dann auch klar, dass ich \u00fcbernommen werde.<br><br><strong>Was sind denn Ihre derzeitigen Aufgaben?<\/strong><br>Ich bin nun als kaufm\u00e4nnische Nachwuchskraft f\u00fcr die Bereiche Einkauf und Finanzen t\u00e4tig.<br><br><strong>Eine Aufgabe mit Zukunftsperspektiven?<\/strong><br>Auf jeden Fall. Zun\u00e4chst unterst\u00fctze ich im Einkauf die einzelnen Unternehmensbereiche in der Angebots- und Bauausf\u00fchrungsphase. Hauptaufgabe ist die termin- und bedarfsgerechte Bereitstellung von Lieferung und Leistung. Langfristig werde ich mich mit Optimierungsm\u00f6glichkeiten im Einkaufsprozess und -controlling besch\u00e4ftigen sowie um kaufm\u00e4nnische Belange von Bauvorhaben k\u00fcmmern. Das werden sehr spannende Projekte. Au\u00dferdem ist geplant, dass ich meinen berufsbegleitenden Masterabschluss mache.<br><strong><br>Bis zu diesem Punkt war es doch aber ein weiter Weg, oder?<\/strong><br>Eher sind die drei Jahre duales Studium sehr schnell vergangen. Im regelm\u00e4\u00dfigen zw\u00f6lfw\u00f6chigen Wechsel von Theorie und Praxis hat SPITZKE immer darauf geachtet, dass die praktische Ausbildung sich sehr eng an den theoretischen Inhalten der Fachhochschule orientierte. Es gab von Anfang an klare Strukturen und direkte Wege in meiner Ausbildung. Ich bekam sehr schnell Eigenverantwortung \u00fcbertragen, sodass ich jetzt eigentlich \u00fcberrascht bin, wie schnell die Zeit vergangen ist.\u00a0<\/p>\n\n\n\n<div class=\"wp-block-image\"><figure class=\"alignright size-full\"><img loading=\"lazy\" decoding=\"async\" width=\"400\" height=\"245\" src=\"https:\/\/www.zukunftsbranche-bahn.de\/wp-content\/uploads\/Spitzke_PhilippGentsch_Tafel_2015.jpg\" alt=\"\" class=\"wp-image-1435\" srcset=\"https:\/\/www.zukunftsbranche-bahn.de\/wp-content\/uploads\/Spitzke_PhilippGentsch_Tafel_2015.jpg 400w, https:\/\/www.zukunftsbranche-bahn.de\/wp-content\/uploads\/Spitzke_PhilippGentsch_Tafel_2015-300x184.jpg 300w\" sizes=\"auto, (max-width: 400px) 100vw, 400px\" \/><\/figure><\/div>\n\n\n\n<p><strong>Und wie sind Sie zu dem Studium beziehungsweise zur SPITZKE SE gekommen?<\/strong><br>Da viele in meiner Familie bereits in der Eisenbahnbranche t\u00e4tig sind, besuchte ich schon als Kind regelm\u00e4\u00dfig die InnoTrans, die internationale Fachmesse f\u00fcr Verkehrstechnik und Fahrzeugsysteme in Berlin. SPITZKE ist dort auch immer als Aussteller mit einem gro\u00dfen Stand vor Ort, also war mir der Name nicht fremd. Da mir schon w\u00e4hrend meiner Schulzeit klar war, dass f\u00fcr mich nur ein duales Studium infrage kommt, hatte ich mich rechtzeitig \u00fcber die Homepage meiner zuk\u00fcnftigen Fachhochschule informiert und da fiel mir SPITZKE als einer der Partner ins Auge. Also habe ich mich einfach beworben \u2013 und damit schlie\u00dft sich der Kreis.<br><br><strong>Sie w\u00fcrden sich also jederzeit wieder bei SPITZKE bewerben?\u00a0<\/strong><br>Definitiv. Obwohl wir mittlerweile rund 1900 Angestellte haben, besitzt das Unternehmen ein angenehmes Arbeitsumfeld und eine famili\u00e4re Unternehmenskultur. Oder etwas vereinfacht gesagt:Hier ist man keine Personalnummer, sondern man kennt und sch\u00e4tzt sich, sodass viele Dinge \u00fcber kurze Wege gekl\u00e4rt werden k\u00f6nnen. Die Faszination Eisenbahn ist hier bei allen zu sp\u00fcren.<\/p>\n\n\n\n<p><a href=\"http:\/\/www.spitzke.com\/site\/de\/\" target=\"_blank\" rel=\"noreferrer noopener\">www.spitzke.com<\/a><\/p>\n\n\n\n<p>Fotos: Spitzke SE<\/p>\n\n\n\n<p>Interview aus &#8220;Zukunftsbranche Bahn: Beruf &amp; Karriere 2015\/2016&#8221;<\/p>\n","protected":false},"excerpt":{"rendered":"<p>Auf direktem Weg in die Zukunft Das letzte Semester BWL mit Fachrichtung Industrie ist absolviert, die Bachelor-Arbeit abgegeben \u2013 doch&#8230;<\/p>\n","protected":false},"author":7,"featured_media":1437,"comment_status":"closed","ping_status":"closed","sticky":false,"template":"","format":"standard","meta":{"inline_featured_image":false,"_kad_blocks_custom_css":"","_kad_blocks_head_custom_js":"","_kad_blocks_body_custom_js":"","_kad_blocks_footer_custom_js":"","_kad_post_transparent":"","_kad_post_title":"","_kad_post_layout":"","_kad_post_sidebar_id":"","_kad_post_content_style":"","_kad_post_vertical_padding":"","_kad_post_feature":"","_kad_post_feature_position":"","_kad_post_header":false,"_kad_post_footer":false,"footnotes":""},"categories":[57],"tags":[],"class_list":["post-148","post","type-post","status-publish","format-standard","has-post-thumbnail","hentry","category-interviews"],"taxonomy_info":{"category":[{"value":57,"label":"Interviews"}]},"featured_image_src_large":["https:\/\/www.zukunftsbranche-bahn.de\/wp-content\/uploads\/Philipp-Gentsch-1024x683.jpg",1024,683,true],"author_info":{"display_name":"Dennis Tesch","author_link":"https:\/\/www.zukunftsbranche-bahn.de\/en\/author\/dtesch\/"},"comment_info":0,"category_info":[{"term_id":57,"name":"Interviews","slug":"interviews","term_group":0,"term_taxonomy_id":57,"taxonomy":"category","description":"","parent":0,"count":19,"filter":"raw","cat_ID":57,"category_count":19,"category_description":"","cat_name":"Interviews","category_nicename":"interviews","category_parent":0}],"tag_info":false,"_links":{"self":[{"href":"https:\/\/www.zukunftsbranche-bahn.de\/en\/wp-json\/wp\/v2\/posts\/148","targetHints":{"allow":["GET"]}}],"collection":[{"href":"https:\/\/www.zukunftsbranche-bahn.de\/en\/wp-json\/wp\/v2\/posts"}],"about":[{"href":"https:\/\/www.zukunftsbranche-bahn.de\/en\/wp-json\/wp\/v2\/types\/post"}],"author":[{"embeddable":true,"href":"https:\/\/www.zukunftsbranche-bahn.de\/en\/wp-json\/wp\/v2\/users\/7"}],"replies":[{"embeddable":true,"href":"https:\/\/www.zukunftsbranche-bahn.de\/en\/wp-json\/wp\/v2\/comments?post=148"}],"version-history":[{"count":2,"href":"https:\/\/www.zukunftsbranche-bahn.de\/en\/wp-json\/wp\/v2\/posts\/148\/revisions"}],"predecessor-version":[{"id":1436,"href":"https:\/\/www.zukunftsbranche-bahn.de\/en\/wp-json\/wp\/v2\/posts\/148\/revisions\/1436"}],"wp:featuredmedia":[{"embeddable":true,"href":"https:\/\/www.zukunftsbranche-bahn.de\/en\/wp-json\/wp\/v2\/media\/1437"}],"wp:attachment":[{"href":"https:\/\/www.zukunftsbranche-bahn.de\/en\/wp-json\/wp\/v2\/media?parent=148"}],"wp:term":[{"taxonomy":"category","embeddable":true,"href":"https:\/\/www.zukunftsbranche-bahn.de\/en\/wp-json\/wp\/v2\/categories?post=148"},{"taxonomy":"post_tag","embeddable":true,"href":"https:\/\/www.zukunftsbranche-bahn.de\/en\/wp-json\/wp\/v2\/tags?post=148"}],"curies":[{"name":"wp","href":"https:\/\/api.w.org\/{rel}","templated":true}]}}